{"id":2030,"date":"2024-05-24T12:33:26","date_gmt":"2024-05-24T16:33:26","guid":{"rendered":"http:\/\/portal.fms.gob.ve\/msweb\/?p=2030"},"modified":"2024-05-24T14:22:04","modified_gmt":"2024-05-24T18:22:04","slug":"genocidio-en-palestina-existir-es-resistir","status":"publish","type":"post","link":"http:\/\/www.misionsucre.gob.ve\/msweb\/index.php\/2024\/05\/24\/genocidio-en-palestina-existir-es-resistir\/","title":{"rendered":"Genocidio en Palestina \u201cExistir es Resistir\u201d"},"content":{"rendered":"\n<p><\/p>\n\n\n\n<p><\/p>\n\n\n\n<p>En solidaridad con el pueblo palestino y repudio a la actual agresi\u00f3n genocida israel\u00ed en la Franja de Gaza, la\u00a0<strong>Fundaci\u00f3n Misi\u00f3n Sucre<\/strong>, de la mano del\u00a0<strong>Ministerio del Poder Popular para la Educaci\u00f3n Universitaria<\/strong>\u00a0y el\u00a0<strong>Centro Internacional Miranda<\/strong>, llev\u00f3 a cabo el Foro\u00a0<strong>Palestina no est\u00e1 sola<\/strong>.<\/p>\n\n\n\n<p>La actividad, que tuvo lugar en la&nbsp;<strong>Casa de la Historia Insurgente<\/strong>&nbsp;ubicada en el centro de Caracas, cont\u00f3 con la ponencia de la activista y coordinadora del&nbsp;<strong>Movimiento Venezolano de Solidaridad con Palestina<\/strong>, Shuruk Duqqa, y la intervenci\u00f3n de la coordinadora de la&nbsp;<strong>Plataforma Internacional de Solidaridad con la causa Palestina<\/strong>,&nbsp; Hindu Anderi.<\/p>\n\n\n\n<p>Durante su ponencia, Duqqa explic\u00f3 las diferencias entre el juda\u00edsmo y el sionismo, as\u00ed como el papel de la propaganda medi\u00e1tica la cual ha reducido la situaci\u00f3n de Palestina a simples n\u00fameros.<\/p>\n\n\n\n<p>Expres\u00f3 qu\u00e9&nbsp;<strong>\u00abno es una guerra&#8230;es una ocupaci\u00f3n, es colonialismo\u00bb<\/strong>.<\/p>\n\n\n\n<p>Por su parte Anderi, en su intervenci\u00f3n telef\u00f3nica enfatiz\u00f3 en la profundidad de la situaci\u00f3n que viven los palestinos e hizo referencia al d\u00eda del Nakba, lo que represent\u00f3 para&nbsp; el pueblo de Palestina el inicio formal de la cat\u00e1strofe, a&nbsp; raz\u00f3n de la creaci\u00f3n del estado de Israel el 15 de mayo de 1948.<\/p>\n\n\n\n<p>As\u00ed mismo, la activista ha propuesto la inclusi\u00f3n del sionismo en la ley contra el fascismo, neofascismo y expresiones similares.<\/p>\n\n\n\n<p>De igual manera el renombramiento de la avenida Roosevelt de Caracas por \u00ab<strong>Avenida Monumental Palestina<\/strong>\u00ab, y que se abra una investigaci\u00f3n para que todas las empresas sionistas que financian el genocidio en contra del pueblo de Palestina sean sancionada e inhabilitadas para operar en Venezuela.<\/p>\n\n\n\n<p>Para finalizar, inform\u00f3 que para el cierre de \u201c&nbsp;<strong>la Semana de Solidaridad con Palestina<\/strong>\u201d, a realizarse el d\u00eda 20 de mayo, se tiene planificado un encuentro cultural en los espacios abiertos de la UNEARTE.<\/p>\n\n\n\n<p><\/p>\n","protected":false},"excerpt":{"rendered":"<p>En solidaridad con el pueblo palestino y repudio a la actual agresi\u00f3n genocida israel\u00ed en la Franja de Gaza, la\u00a0Fundaci\u00f3n Misi\u00f3n Sucre, de la mano del\u00a0Ministerio del Poder Popular para la Educaci\u00f3n Universitaria\u00a0y el\u00a0Centro Internacional Miranda, llev\u00f3 a cabo el Foro\u00a0Palestina no est\u00e1 sola. La actividad, que tuvo lugar en&hellip;<\/p>\n","protected":false},"author":2,"featured_media":2097,"comment_status":"closed","ping_status":"closed","sticky":false,"template":"","format":"standard","meta":{"footnotes":""},"categories":[1],"tags":[],"_links":{"self":[{"href":"http:\/\/www.misionsucre.gob.ve\/msweb\/index.php\/wp-json\/wp\/v2\/posts\/2030"}],"collection":[{"href":"http:\/\/www.misionsucre.gob.ve\/msweb\/index.php\/wp-json\/wp\/v2\/posts"}],"about":[{"href":"http:\/\/www.misionsucre.gob.ve\/msweb\/index.php\/wp-json\/wp\/v2\/types\/post"}],"author":[{"embeddable":true,"href":"http:\/\/www.misionsucre.gob.ve\/msweb\/index.php\/wp-json\/wp\/v2\/users\/2"}],"replies":[{"embeddable":true,"href":"http:\/\/www.misionsucre.gob.ve\/msweb\/index.php\/wp-json\/wp\/v2\/comments?post=2030"}],"version-history":[{"count":3,"href":"http:\/\/www.misionsucre.gob.ve\/msweb\/index.php\/wp-json\/wp\/v2\/posts\/2030\/revisions"}],"predecessor-version":[{"id":2087,"href":"http:\/\/www.misionsucre.gob.ve\/msweb\/index.php\/wp-json\/wp\/v2\/posts\/2030\/revisions\/2087"}],"wp:featuredmedia":[{"embeddable":true,"href":"http:\/\/www.misionsucre.gob.ve\/msweb\/index.php\/wp-json\/wp\/v2\/media\/2097"}],"wp:attachment":[{"href":"http:\/\/www.misionsucre.gob.ve\/msweb\/index.php\/wp-json\/wp\/v2\/media?parent=2030"}],"wp:term":[{"taxonomy":"category","embeddable":true,"href":"http:\/\/www.misionsucre.gob.ve\/msweb\/index.php\/wp-json\/wp\/v2\/categories?post=2030"},{"taxonomy":"post_tag","embeddable":true,"href":"http:\/\/www.misionsucre.gob.ve\/msweb\/index.php\/wp-json\/wp\/v2\/tags?post=2030"}],"curies":[{"name":"wp","href":"https:\/\/api.w.org\/{rel}","templated":true}]}}