{"id":2033,"date":"2024-05-24T12:35:09","date_gmt":"2024-05-24T16:35:09","guid":{"rendered":"http:\/\/portal.fms.gob.ve\/msweb\/?p=2033"},"modified":"2024-05-24T14:18:08","modified_gmt":"2024-05-24T18:18:08","slug":"conferencia-inteligencia-artificial-aplicada-a-la-productividad","status":"publish","type":"post","link":"http:\/\/www.misionsucre.gob.ve\/msweb\/index.php\/2024\/05\/24\/conferencia-inteligencia-artificial-aplicada-a-la-productividad\/","title":{"rendered":"Conferencia: Inteligencia Artificial aplicada a la Productividad"},"content":{"rendered":"\n<p>Enmarcada en los avances de la era digital, este jueves 16 de mayo, se llev\u00f3 a cabo en el auditorio&nbsp;<strong>Dr. Salvador Allende, Escuela Latinoamericana de Medicina<\/strong>&nbsp;(ELAM) la Conferencia: \u201cInteligencia Artificial aplicada a la Productividad\u201d, de forma presencial y online, con la finalidad de compartir saberes y dar herramientas a triunfadores y triunfadoras de la MS a nivel nacional, en el manejo correcto y efectivo de la tecnolog\u00eda.<\/p>\n\n\n\n<p><br>La actividad, organizada por la Misi\u00f3n Sucre, de la mano del Ministerio del Poder Popular para la Educaci\u00f3n Universitaria, cont\u00f3 con el conferencista Dr. Javier Rojas, Pedagogo, con maestr\u00eda&nbsp; en Ingenier\u00eda de Software, doctorado en Inform\u00e1tica y posdoctorado en la Universidad de Co\u00edmbra Portugal en el \u00e1rea de inteligencia artificial.<\/p>\n\n\n\n<p><br>Durante su exposici\u00f3n, el pedagogo explic\u00f3, que la IA en la productividad se enfoca en el mejoramiento de las capacidades para producir bienes y servicios, conocimientos y todas las herramientas necesarias para el progreso de las capacidades y rendimiento, permitiendo que seamos m\u00e1s eficientes a la hora de producir.<\/p>\n\n\n\n<p>As\u00ed mismo enfatiz\u00f3 \u201ccuando aumentamos la productividad de nuestra ense\u00f1anza estamos diciendo que los estudiantes van a aprender de una mejor manera, van a tener mejores conocimientos de una forma r\u00e1pida y precisa de una manera que pedag\u00f3gicamente utilice sus capacidades, expectativas y los medios con los cuales estamos trabajando para optimizarlo y generar una soluci\u00f3n apropiada al reto de la ense\u00f1anza en nuestro pa\u00eds\u201d.<\/p>\n\n\n\n<p>A su vez, dijo: \u201cEs importante que la gente que se introduzca en el mundo de la inteligencia artificial pueda participar de esta tecnolog\u00eda que sirve deadem\u00e1s para mejorar y facilitar nuestro trabajo y nuestra vida y que precisamente en esa orientaci\u00f3n, nos ayudar\u00e1 en la gesti\u00f3n que hacemos diariamente administrando el tiempo, la capacidad y la posibilidad de tener una vida m\u00e1s adecuada, utilizando esta tecnolog\u00eda\u201d.<\/p>\n\n\n\n<p><br>A pesar de todas las medidas Coercitivas Unilaterales sobre el pueblo venezolano, que han afectado sobretodo a la poblaci\u00f3n m\u00e1s vulnerable,&nbsp; seguimos avanzando en garantizar a triunfadores y triunfadoras herramientas para su crecimiento y formaci\u00f3n integral.<\/p>\n","protected":false},"excerpt":{"rendered":"<p>Enmarcada en los avances de la era digital, este jueves 16 de mayo, se llev\u00f3 a cabo en el auditorio&nbsp;Dr. Salvador Allende, Escuela Latinoamericana de Medicina&nbsp;(ELAM) la Conferencia: \u201cInteligencia Artificial aplicada a la Productividad\u201d, de forma presencial y online, con la finalidad de compartir saberes y dar herramientas a triunfadores&hellip;<\/p>\n","protected":false},"author":2,"featured_media":2096,"comment_status":"closed","ping_status":"closed","sticky":false,"template":"","format":"standard","meta":{"footnotes":""},"categories":[1],"tags":[],"_links":{"self":[{"href":"http:\/\/www.misionsucre.gob.ve\/msweb\/index.php\/wp-json\/wp\/v2\/posts\/2033"}],"collection":[{"href":"http:\/\/www.misionsucre.gob.ve\/msweb\/index.php\/wp-json\/wp\/v2\/posts"}],"about":[{"href":"http:\/\/www.misionsucre.gob.ve\/msweb\/index.php\/wp-json\/wp\/v2\/types\/post"}],"author":[{"embeddable":true,"href":"http:\/\/www.misionsucre.gob.ve\/msweb\/index.php\/wp-json\/wp\/v2\/users\/2"}],"replies":[{"embeddable":true,"href":"http:\/\/www.misionsucre.gob.ve\/msweb\/index.php\/wp-json\/wp\/v2\/comments?post=2033"}],"version-history":[{"count":1,"href":"http:\/\/www.misionsucre.gob.ve\/msweb\/index.php\/wp-json\/wp\/v2\/posts\/2033\/revisions"}],"predecessor-version":[{"id":2034,"href":"http:\/\/www.misionsucre.gob.ve\/msweb\/index.php\/wp-json\/wp\/v2\/posts\/2033\/revisions\/2034"}],"wp:featuredmedia":[{"embeddable":true,"href":"http:\/\/www.misionsucre.gob.ve\/msweb\/index.php\/wp-json\/wp\/v2\/media\/2096"}],"wp:attachment":[{"href":"http:\/\/www.misionsucre.gob.ve\/msweb\/index.php\/wp-json\/wp\/v2\/media?parent=2033"}],"wp:term":[{"taxonomy":"category","embeddable":true,"href":"http:\/\/www.misionsucre.gob.ve\/msweb\/index.php\/wp-json\/wp\/v2\/categories?post=2033"},{"taxonomy":"post_tag","embeddable":true,"href":"http:\/\/www.misionsucre.gob.ve\/msweb\/index.php\/wp-json\/wp\/v2\/tags?post=2033"}],"curies":[{"name":"wp","href":"https:\/\/api.w.org\/{rel}","templated":true}]}}