{"id":2442,"date":"2025-02-05T15:33:06","date_gmt":"2025-02-05T19:33:06","guid":{"rendered":"http:\/\/www.misionsucre.gob.ve\/msweb\/?p=2442"},"modified":"2025-02-06T15:31:46","modified_gmt":"2025-02-06T19:31:46","slug":"a-230-anos-de-su-natalicio-mision-sucre-rinde-honores-al-gran-mariscal-de-ayacucho","status":"publish","type":"post","link":"http:\/\/www.misionsucre.gob.ve\/msweb\/index.php\/2025\/02\/05\/a-230-anos-de-su-natalicio-mision-sucre-rinde-honores-al-gran-mariscal-de-ayacucho\/","title":{"rendered":"A 230 a\u00f1os de su Natalicio, Misi\u00f3n Sucre rinde Honores al Gran Mariscal de Ayacucho"},"content":{"rendered":"\n<p>La Misi\u00f3n Sucre, en conjunto con el Centro Internacional Miranda y de la mano del Ministerio para la Educaci\u00f3n Universitaria, rindieron homenaje al Gran Mariscal de Ayacucho, Antonio Jos\u00e9 de Sucre, al conmemorarse 230 a\u00f1os de su natalicio.<\/p>\n\n\n\n<p>La ceremonia se llev\u00f3 a cabo con una ofrenda floral ante la estatua ecuestre del h\u00e9roe patriota, donde estuvieron presentes el Viceministro para la Transformaci\u00f3n Cualitativa de la Educaci\u00f3n Universitaria y presidente de la Fundaci\u00f3n \u201cCentro Internacional Miranda\u201d, Domingo Medina Guti\u00e9rrez, la presidenta de la Misi\u00f3n Sucre, Isabel Nakarit Lugo y el vicepresidente de la Federaci\u00f3n de Estudiantes Universitarios (FVEU), Vignel P\u00e9rez.<\/p>\n\n\n\n<p>De igual manera, el acto cont\u00f3 con la participaci\u00f3n del cronista adjunto, Ali Ram\u00f3n Rojas Olaya, quien fue el orador de orden.<\/p>\n\n\n\n<p>Rojas Olaya realiz\u00f3 una rese\u00f1a hist\u00f3rica sobre la vida y obra del Gran Mariscal de Ayacucho, destacando su ideario y contribuciones a la independencia del pa\u00eds.<\/p>\n\n\n\n<p>Este homenaje resalta la importancia de recordar y valorar a nuestros h\u00e9roes nacionales, as\u00ed como su legado en la construcci\u00f3n de una Venezuela libre y soberana.<\/p>\n\n\n\n<figure class=\"wp-block-image size-large\"><img fetchpriority=\"high\" decoding=\"async\" width=\"768\" height=\"1024\" src=\"http:\/\/www.misionsucre.gob.ve\/msweb\/wp-content\/uploads\/2025\/02\/ofrenda-Mision-Sucre-2-768x1024.jpg\" alt=\"\" class=\"wp-image-2444\" srcset=\"http:\/\/www.misionsucre.gob.ve\/msweb\/wp-content\/uploads\/2025\/02\/ofrenda-Mision-Sucre-2-768x1024.jpg 768w, http:\/\/www.misionsucre.gob.ve\/msweb\/wp-content\/uploads\/2025\/02\/ofrenda-Mision-Sucre-2-225x300.jpg 225w, http:\/\/www.misionsucre.gob.ve\/msweb\/wp-content\/uploads\/2025\/02\/ofrenda-Mision-Sucre-2.jpg 810w\" sizes=\"(max-width: 768px) 100vw, 768px\" \/><\/figure>\n\n\n\n<figure class=\"wp-block-image size-large\"><img decoding=\"async\" width=\"1024\" height=\"768\" src=\"http:\/\/www.misionsucre.gob.ve\/msweb\/wp-content\/uploads\/2025\/02\/ofrenda-Sucre-1-1024x768.jpg\" alt=\"\" class=\"wp-image-2445\" srcset=\"http:\/\/www.misionsucre.gob.ve\/msweb\/wp-content\/uploads\/2025\/02\/ofrenda-Sucre-1-1024x768.jpg 1024w, http:\/\/www.misionsucre.gob.ve\/msweb\/wp-content\/uploads\/2025\/02\/ofrenda-Sucre-1-300x225.jpg 300w, http:\/\/www.misionsucre.gob.ve\/msweb\/wp-content\/uploads\/2025\/02\/ofrenda-Sucre-1-768x576.jpg 768w, http:\/\/www.misionsucre.gob.ve\/msweb\/wp-content\/uploads\/2025\/02\/ofrenda-Sucre-1.jpg 1080w\" sizes=\"(max-width: 1024px) 100vw, 1024px\" \/><\/figure>\n","protected":false},"excerpt":{"rendered":"<p>La Misi\u00f3n Sucre, en conjunto con el Centro Internacional Miranda y de la mano del Ministerio para la Educaci\u00f3n Universitaria, rindieron homenaje al Gran Mariscal de Ayacucho, Antonio Jos\u00e9 de Sucre, al conmemorarse 230 a\u00f1os de su natalicio. La ceremonia se llev\u00f3 a cabo con una ofrenda floral ante la&hellip;<\/p>\n","protected":false},"author":5,"featured_media":2443,"comment_status":"closed","ping_status":"","sticky":false,"template":"","format":"standard","meta":{"footnotes":""},"categories":[1],"tags":[],"_links":{"self":[{"href":"http:\/\/www.misionsucre.gob.ve\/msweb\/index.php\/wp-json\/wp\/v2\/posts\/2442"}],"collection":[{"href":"http:\/\/www.misionsucre.gob.ve\/msweb\/index.php\/wp-json\/wp\/v2\/posts"}],"about":[{"href":"http:\/\/www.misionsucre.gob.ve\/msweb\/index.php\/wp-json\/wp\/v2\/types\/post"}],"author":[{"embeddable":true,"href":"http:\/\/www.misionsucre.gob.ve\/msweb\/index.php\/wp-json\/wp\/v2\/users\/5"}],"replies":[{"embeddable":true,"href":"http:\/\/www.misionsucre.gob.ve\/msweb\/index.php\/wp-json\/wp\/v2\/comments?post=2442"}],"version-history":[{"count":2,"href":"http:\/\/www.misionsucre.gob.ve\/msweb\/index.php\/wp-json\/wp\/v2\/posts\/2442\/revisions"}],"predecessor-version":[{"id":2447,"href":"http:\/\/www.misionsucre.gob.ve\/msweb\/index.php\/wp-json\/wp\/v2\/posts\/2442\/revisions\/2447"}],"wp:featuredmedia":[{"embeddable":true,"href":"http:\/\/www.misionsucre.gob.ve\/msweb\/index.php\/wp-json\/wp\/v2\/media\/2443"}],"wp:attachment":[{"href":"http:\/\/www.misionsucre.gob.ve\/msweb\/index.php\/wp-json\/wp\/v2\/media?parent=2442"}],"wp:term":[{"taxonomy":"category","embeddable":true,"href":"http:\/\/www.misionsucre.gob.ve\/msweb\/index.php\/wp-json\/wp\/v2\/categories?post=2442"},{"taxonomy":"post_tag","embeddable":true,"href":"http:\/\/www.misionsucre.gob.ve\/msweb\/index.php\/wp-json\/wp\/v2\/tags?post=2442"}],"curies":[{"name":"wp","href":"https:\/\/api.w.org\/{rel}","templated":true}]}}