{"id":2451,"date":"2025-02-13T17:12:47","date_gmt":"2025-02-13T21:12:47","guid":{"rendered":"http:\/\/www.misionsucre.gob.ve\/msweb\/?p=2451"},"modified":"2025-02-13T17:12:47","modified_gmt":"2025-02-13T21:12:47","slug":"a-211-anos-de-la-batalla-de-la-victoria-venezuela-celebra-el-dia-de-la-juventud","status":"publish","type":"post","link":"http:\/\/www.misionsucre.gob.ve\/msweb\/index.php\/2025\/02\/13\/a-211-anos-de-la-batalla-de-la-victoria-venezuela-celebra-el-dia-de-la-juventud\/","title":{"rendered":"a 211 a\u00f1os de la batalla de la Victoria, Venezuela celebra el dia de la Juventud"},"content":{"rendered":"\n<p>12 de febrero , conmemoramos 211 a\u00f1os de la Batalla de la Victoria, un hito en la lucha por la independencia de Venezuela liderado por el general Jos\u00e9 F\u00e9lix Ribas. Esta victoria no solo simboliza el coraje y la determinaci\u00f3n de nuestros patriotas, sino que tambi\u00e9n nos recuerda la importancia de seguir luchando por nuestros ideales.<\/p>\n\n\n\n<p>Adem\u00e1s, celebramos el D\u00eda de la Juventud, una ocasi\u00f3n para reconocer el papel fundamental que tienen los j\u00f3venes en la construcci\u00f3n del futuro del pa\u00eds. Es un d\u00eda para inspirar y motivar a las nuevas generaciones a ser agentes de cambio y a contribuir al desarrollo social y cultural de Venezuela.<\/p>\n\n\n\n<p> \u00a1Feliz D\u00eda de la Juventud!<\/p>\n\n\n\n<figure class=\"wp-block-embed is-type-video is-provider-youtube wp-block-embed-youtube wp-embed-aspect-4-3 wp-has-aspect-ratio\"><div class=\"wp-block-embed__wrapper\">\n<iframe title=\"D\u00eda de la juventud en Venezuela, 211 a\u00f1os de la batalla de la Victoria #historia #venezolanos\" width=\"640\" height=\"480\" src=\"https:\/\/www.youtube.com\/embed\/5plPKna_Z9U?feature=oembed\" frameborder=\"0\" allow=\"accelerometer; autoplay; clipboard-write; encrypted-media; gyroscope; picture-in-picture; web-share\" referrerpolicy=\"strict-origin-when-cross-origin\" allowfullscreen><\/iframe>\n<\/div><\/figure>\n\n\n","protected":false},"excerpt":{"rendered":"<p>12 de febrero , conmemoramos 211 a\u00f1os de la Batalla de la Victoria, un hito en la lucha por la independencia de Venezuela liderado por el general Jos\u00e9 F\u00e9lix Ribas. Esta victoria no solo simboliza el coraje y la determinaci\u00f3n de nuestros patriotas, sino que tambi\u00e9n nos recuerda la importancia&hellip;<\/p>\n","protected":false},"author":5,"featured_media":2452,"comment_status":"closed","ping_status":"","sticky":false,"template":"","format":"standard","meta":{"footnotes":""},"categories":[1],"tags":[],"_links":{"self":[{"href":"http:\/\/www.misionsucre.gob.ve\/msweb\/index.php\/wp-json\/wp\/v2\/posts\/2451"}],"collection":[{"href":"http:\/\/www.misionsucre.gob.ve\/msweb\/index.php\/wp-json\/wp\/v2\/posts"}],"about":[{"href":"http:\/\/www.misionsucre.gob.ve\/msweb\/index.php\/wp-json\/wp\/v2\/types\/post"}],"author":[{"embeddable":true,"href":"http:\/\/www.misionsucre.gob.ve\/msweb\/index.php\/wp-json\/wp\/v2\/users\/5"}],"replies":[{"embeddable":true,"href":"http:\/\/www.misionsucre.gob.ve\/msweb\/index.php\/wp-json\/wp\/v2\/comments?post=2451"}],"version-history":[{"count":1,"href":"http:\/\/www.misionsucre.gob.ve\/msweb\/index.php\/wp-json\/wp\/v2\/posts\/2451\/revisions"}],"predecessor-version":[{"id":2453,"href":"http:\/\/www.misionsucre.gob.ve\/msweb\/index.php\/wp-json\/wp\/v2\/posts\/2451\/revisions\/2453"}],"wp:featuredmedia":[{"embeddable":true,"href":"http:\/\/www.misionsucre.gob.ve\/msweb\/index.php\/wp-json\/wp\/v2\/media\/2452"}],"wp:attachment":[{"href":"http:\/\/www.misionsucre.gob.ve\/msweb\/index.php\/wp-json\/wp\/v2\/media?parent=2451"}],"wp:term":[{"taxonomy":"category","embeddable":true,"href":"http:\/\/www.misionsucre.gob.ve\/msweb\/index.php\/wp-json\/wp\/v2\/categories?post=2451"},{"taxonomy":"post_tag","embeddable":true,"href":"http:\/\/www.misionsucre.gob.ve\/msweb\/index.php\/wp-json\/wp\/v2\/tags?post=2451"}],"curies":[{"name":"wp","href":"https:\/\/api.w.org\/{rel}","templated":true}]}}