{"id":2466,"date":"2025-02-21T16:26:08","date_gmt":"2025-02-21T20:26:08","guid":{"rendered":"http:\/\/www.misionsucre.gob.ve\/msweb\/?p=2466"},"modified":"2025-02-25T12:13:13","modified_gmt":"2025-02-25T16:13:13","slug":"la-fundacion-mision-sucre-impulsa-la-inclusion-con-taller-de-lengua-de-senas-venezolanas","status":"publish","type":"post","link":"http:\/\/www.misionsucre.gob.ve\/msweb\/index.php\/2025\/02\/21\/la-fundacion-mision-sucre-impulsa-la-inclusion-con-taller-de-lengua-de-senas-venezolanas\/","title":{"rendered":"La Fundaci\u00f3n Misi\u00f3n Sucre Impulsa la Inclusi\u00f3n con Taller de Lengua de Se\u00f1as Venezolanas"},"content":{"rendered":"\n<p><\/p>\n\n\n\n<p>Con la finalidad de promover la inclusi\u00f3n y la comunicaci\u00f3n efectiva con las personas con discapacidad auditiva, as\u00ed como garantizar que tengan acceso a servicios p\u00fablicos y un trato de calidad, este viernes 21 de febrero, la Fundaci\u00f3n Misi\u00f3n Sucre, en colaboraci\u00f3n con el Ministerio de Educaci\u00f3n Universitaria, llev\u00f3 a cabo un exitoso <strong>taller de formaci\u00f3n en Lengua de Se\u00f1as<\/strong>.<\/p>\n\n\n\n<p>La facilitadora del taller fue la profesora de Educaci\u00f3n Especial e int\u00e9rprete de se\u00f1as, Magister Sol Caraballo, quien de manera educativa y amena mostr\u00f3 a los participantes las bases y t\u00e9cnicas esenciales para comunicarse en lengua de se\u00f1as. La sesi\u00f3n culmin\u00f3 con actividades pr\u00e1cticas y din\u00e1micas que incluyeron canciones en esta modalidad, fomentando un ambiente l\u00fadico y participativo.<\/p>\n\n\n\n<p>Durante el evento, tambi\u00e9n estuvieron presentes importantes colaboradores como los docentes &nbsp;Sujeily Coromoto Navas Hung y William Chacoa, quienes compartieron sus valiosas experiencias, conocimientos y vivencias con los asistentes. Su participaci\u00f3n enriqueci\u00f3 el taller y motiv\u00f3 a los empleados p\u00fablicos a aplicar lo aprendido en su interacci\u00f3n diaria con la comunidad.<\/p>\n\n\n\n<p>Sin duda alguna, una vez m\u00e1s la Fundaci\u00f3n Misi\u00f3n Sucre reafirma su compromiso con la inclusi\u00f3n social y la formaci\u00f3n integral de todos los ciudadanos. Este tipo de iniciativas no solo capacitan a los empleados en habilidades comunicativas esenciales, sino que tambi\u00e9n contribuyen a construir una sociedad m\u00e1s equitativa y accesible para todos.<\/p>\n\n\n\n<figure class=\"wp-block-embed is-type-video is-provider-youtube wp-block-embed-youtube wp-embed-aspect-16-9 wp-has-aspect-ratio\"><div class=\"wp-block-embed__wrapper\">\n<iframe title=\"La Fundaci\u00f3n Misi\u00f3n Sucre Impulsa la Inclusi\u00f3n con Taller de Lengua de Se\u00f1as Venezolanas #venezuela\" width=\"640\" height=\"360\" src=\"https:\/\/www.youtube.com\/embed\/NEckMQq6jew?feature=oembed\" frameborder=\"0\" allow=\"accelerometer; autoplay; clipboard-write; encrypted-media; gyroscope; picture-in-picture; web-share\" referrerpolicy=\"strict-origin-when-cross-origin\" allowfullscreen><\/iframe>\n<\/div><\/figure>\n","protected":false},"excerpt":{"rendered":"<p>Con la finalidad de promover la inclusi\u00f3n y la comunicaci\u00f3n efectiva con las personas con discapacidad auditiva, as\u00ed como garantizar que tengan acceso a servicios p\u00fablicos y un trato de calidad, este viernes 21 de febrero, la Fundaci\u00f3n Misi\u00f3n Sucre, en colaboraci\u00f3n con el Ministerio de Educaci\u00f3n Universitaria, llev\u00f3 a&hellip;<\/p>\n","protected":false},"author":5,"featured_media":2467,"comment_status":"closed","ping_status":"","sticky":false,"template":"","format":"standard","meta":{"footnotes":""},"categories":[1],"tags":[],"_links":{"self":[{"href":"http:\/\/www.misionsucre.gob.ve\/msweb\/index.php\/wp-json\/wp\/v2\/posts\/2466"}],"collection":[{"href":"http:\/\/www.misionsucre.gob.ve\/msweb\/index.php\/wp-json\/wp\/v2\/posts"}],"about":[{"href":"http:\/\/www.misionsucre.gob.ve\/msweb\/index.php\/wp-json\/wp\/v2\/types\/post"}],"author":[{"embeddable":true,"href":"http:\/\/www.misionsucre.gob.ve\/msweb\/index.php\/wp-json\/wp\/v2\/users\/5"}],"replies":[{"embeddable":true,"href":"http:\/\/www.misionsucre.gob.ve\/msweb\/index.php\/wp-json\/wp\/v2\/comments?post=2466"}],"version-history":[{"count":4,"href":"http:\/\/www.misionsucre.gob.ve\/msweb\/index.php\/wp-json\/wp\/v2\/posts\/2466\/revisions"}],"predecessor-version":[{"id":2472,"href":"http:\/\/www.misionsucre.gob.ve\/msweb\/index.php\/wp-json\/wp\/v2\/posts\/2466\/revisions\/2472"}],"wp:featuredmedia":[{"embeddable":true,"href":"http:\/\/www.misionsucre.gob.ve\/msweb\/index.php\/wp-json\/wp\/v2\/media\/2467"}],"wp:attachment":[{"href":"http:\/\/www.misionsucre.gob.ve\/msweb\/index.php\/wp-json\/wp\/v2\/media?parent=2466"}],"wp:term":[{"taxonomy":"category","embeddable":true,"href":"http:\/\/www.misionsucre.gob.ve\/msweb\/index.php\/wp-json\/wp\/v2\/categories?post=2466"},{"taxonomy":"post_tag","embeddable":true,"href":"http:\/\/www.misionsucre.gob.ve\/msweb\/index.php\/wp-json\/wp\/v2\/tags?post=2466"}],"curies":[{"name":"wp","href":"https:\/\/api.w.org\/{rel}","templated":true}]}}