{"id":2493,"date":"2025-04-30T16:44:37","date_gmt":"2025-04-30T20:44:37","guid":{"rendered":"http:\/\/www.misionsucre.gob.ve\/msweb\/?p=2493"},"modified":"2025-05-05T15:02:43","modified_gmt":"2025-05-05T19:02:43","slug":"venezolanos-celebran-con-orgullo-el-dia-del-trabajador","status":"publish","type":"post","link":"http:\/\/www.misionsucre.gob.ve\/msweb\/index.php\/2025\/04\/30\/venezolanos-celebran-con-orgullo-el-dia-del-trabajador\/","title":{"rendered":"Venezolanos celebran con orgullo el d\u00eda del Trabajador"},"content":{"rendered":"\n<p>Hoy al igual que todo los 1\u00b0 de mayo, se celebra en&nbsp; el mundo entero el D\u00eda Internacional del Trabajador, en honor a todos aquellos hombres y mujeres quienes d\u00eda a d\u00eda luchan por construir un mejor porvenir y&nbsp;poner en alto a la clase obrera.<\/p>\n\n\n\n<p>Aunque en Venezuela se conmemora el D\u00eda del Trabajador desde&nbsp; 1936, fue en 1945 durante el gobierno del presidente Isa\u00edas Medina Angarita cuando se decreta est\u00e1 fecha para rememorar los derechos laborales.<\/p>\n\n\n\n<p>Sin embargo, fue el comandante Hugo Rafael Ch\u00e1vez Fr\u00edas, quien desde su llegada, se dedic\u00f3 a velar por los derechos laborales y sociales de los venezolanos.<\/p>\n\n\n\n<p>Despu\u00e9s de la eliminaci\u00f3n del Instituto Venezolano de los Seguros Sociales (IVSS) en 1998, la Asamblea Nacional Constituyente de 1999 restituy\u00f3 esta instituci\u00f3n agregando a la Carta Magna el derecho al trabajo como un aspecto social.<\/p>\n\n\n\n<p>Un hecho importante, aconteci\u00f3 en el a\u00f1o 2012, cuando se promulga la Ley Org\u00e1nica del Trabajo, los Trabajadores y las Trabajadoras (Lottt), incrementando mejoras, tales como la reducci\u00f3n de la jornada laboral a 40 horas semanales, la protecci\u00f3n de la maternidad con la extensi\u00f3n del per\u00edodo de reposo prenatal y postnatal, el pago de retroactivo por prestaciones sociales y la remuneraci\u00f3n doble de las mismas por despido injustificado.<\/p>\n\n\n\n<p>Orgullosa de nuestra clase obrera, la Misi\u00f3n Sucre se une a esta gran celebraci\u00f3n, y en apoyo a nuestro presidente Obrero Nicol\u00e1s Maduro y a sus pol\u00edticas p\u00fablicas, continuar\u00e1 trabajando para la construcci\u00f3n de la patria bonita y digna que merecemos.<\/p>\n\n\n\n<p>A todos los hombres y mujeres guerreros, luchadores y trabajadores de Venezuela y el mundo, les deseamos<\/p>\n\n\n\n<p>\u00a1Feliz d\u00eda del Trabajador!<\/p>\n\n\n\n<figure class=\"wp-block-embed is-type-video is-provider-youtube wp-block-embed-youtube wp-embed-aspect-4-3 wp-has-aspect-ratio\"><div class=\"wp-block-embed__wrapper\">\n<iframe title=\"Venezuela celebra con orgullo el d\u00eda del Trabajador #noticias #venezolanos #venezuela\" width=\"640\" height=\"480\" src=\"https:\/\/www.youtube.com\/embed\/nHg_0L6AWlE?feature=oembed\" frameborder=\"0\" allow=\"accelerometer; autoplay; clipboard-write; encrypted-media; gyroscope; picture-in-picture; web-share\" referrerpolicy=\"strict-origin-when-cross-origin\" allowfullscreen><\/iframe>\n<\/div><\/figure>\n\n\n\n<figure class=\"wp-block-image size-large\"><img fetchpriority=\"high\" decoding=\"async\" width=\"1024\" height=\"769\" src=\"http:\/\/www.misionsucre.gob.ve\/msweb\/wp-content\/uploads\/2025\/05\/1-mayo-2-1024x769.jpg\" alt=\"\" class=\"wp-image-2498\" srcset=\"http:\/\/www.misionsucre.gob.ve\/msweb\/wp-content\/uploads\/2025\/05\/1-mayo-2-1024x769.jpg 1024w, http:\/\/www.misionsucre.gob.ve\/msweb\/wp-content\/uploads\/2025\/05\/1-mayo-2-300x225.jpg 300w, http:\/\/www.misionsucre.gob.ve\/msweb\/wp-content\/uploads\/2025\/05\/1-mayo-2-768x577.jpg 768w, http:\/\/www.misionsucre.gob.ve\/msweb\/wp-content\/uploads\/2025\/05\/1-mayo-2.jpg 1080w\" sizes=\"(max-width: 1024px) 100vw, 1024px\" \/><\/figure>\n\n\n\n<figure class=\"wp-block-image size-full\"><img decoding=\"async\" width=\"956\" height=\"679\" src=\"http:\/\/www.misionsucre.gob.ve\/msweb\/wp-content\/uploads\/2025\/05\/1-mayo-1.jpg\" alt=\"\" class=\"wp-image-2501\" srcset=\"http:\/\/www.misionsucre.gob.ve\/msweb\/wp-content\/uploads\/2025\/05\/1-mayo-1.jpg 956w, http:\/\/www.misionsucre.gob.ve\/msweb\/wp-content\/uploads\/2025\/05\/1-mayo-1-300x213.jpg 300w, http:\/\/www.misionsucre.gob.ve\/msweb\/wp-content\/uploads\/2025\/05\/1-mayo-1-768x545.jpg 768w\" sizes=\"(max-width: 956px) 100vw, 956px\" \/><\/figure>\n\n\n\n<figure class=\"wp-block-image size-large\"><img decoding=\"async\" width=\"819\" height=\"1024\" src=\"http:\/\/www.misionsucre.gob.ve\/msweb\/wp-content\/uploads\/2025\/05\/mayo-3-819x1024.jpg\" alt=\"\" class=\"wp-image-2502\" srcset=\"http:\/\/www.misionsucre.gob.ve\/msweb\/wp-content\/uploads\/2025\/05\/mayo-3-819x1024.jpg 819w, http:\/\/www.misionsucre.gob.ve\/msweb\/wp-content\/uploads\/2025\/05\/mayo-3-240x300.jpg 240w, http:\/\/www.misionsucre.gob.ve\/msweb\/wp-content\/uploads\/2025\/05\/mayo-3-768x960.jpg 768w, http:\/\/www.misionsucre.gob.ve\/msweb\/wp-content\/uploads\/2025\/05\/mayo-3.jpg 864w\" sizes=\"(max-width: 819px) 100vw, 819px\" \/><\/figure>\n","protected":false},"excerpt":{"rendered":"<p>Hoy al igual que todo los 1\u00b0 de mayo, se celebra en&nbsp; el mundo entero el D\u00eda Internacional del Trabajador, en honor a todos aquellos hombres y mujeres quienes d\u00eda a d\u00eda luchan por construir un mejor porvenir y&nbsp;poner en alto a la clase obrera. Aunque en Venezuela se conmemora&hellip;<\/p>\n","protected":false},"author":5,"featured_media":2494,"comment_status":"closed","ping_status":"closed","sticky":false,"template":"","format":"standard","meta":{"footnotes":""},"categories":[1],"tags":[],"_links":{"self":[{"href":"http:\/\/www.misionsucre.gob.ve\/msweb\/index.php\/wp-json\/wp\/v2\/posts\/2493"}],"collection":[{"href":"http:\/\/www.misionsucre.gob.ve\/msweb\/index.php\/wp-json\/wp\/v2\/posts"}],"about":[{"href":"http:\/\/www.misionsucre.gob.ve\/msweb\/index.php\/wp-json\/wp\/v2\/types\/post"}],"author":[{"embeddable":true,"href":"http:\/\/www.misionsucre.gob.ve\/msweb\/index.php\/wp-json\/wp\/v2\/users\/5"}],"replies":[{"embeddable":true,"href":"http:\/\/www.misionsucre.gob.ve\/msweb\/index.php\/wp-json\/wp\/v2\/comments?post=2493"}],"version-history":[{"count":4,"href":"http:\/\/www.misionsucre.gob.ve\/msweb\/index.php\/wp-json\/wp\/v2\/posts\/2493\/revisions"}],"predecessor-version":[{"id":2503,"href":"http:\/\/www.misionsucre.gob.ve\/msweb\/index.php\/wp-json\/wp\/v2\/posts\/2493\/revisions\/2503"}],"wp:featuredmedia":[{"embeddable":true,"href":"http:\/\/www.misionsucre.gob.ve\/msweb\/index.php\/wp-json\/wp\/v2\/media\/2494"}],"wp:attachment":[{"href":"http:\/\/www.misionsucre.gob.ve\/msweb\/index.php\/wp-json\/wp\/v2\/media?parent=2493"}],"wp:term":[{"taxonomy":"category","embeddable":true,"href":"http:\/\/www.misionsucre.gob.ve\/msweb\/index.php\/wp-json\/wp\/v2\/categories?post=2493"},{"taxonomy":"post_tag","embeddable":true,"href":"http:\/\/www.misionsucre.gob.ve\/msweb\/index.php\/wp-json\/wp\/v2\/tags?post=2493"}],"curies":[{"name":"wp","href":"https:\/\/api.w.org\/{rel}","templated":true}]}}