{"id":2577,"date":"2025-09-09T16:21:52","date_gmt":"2025-09-09T20:21:52","guid":{"rendered":"http:\/\/www.misionsucre.gob.ve\/msweb\/?p=2577"},"modified":"2025-09-09T16:21:52","modified_gmt":"2025-09-09T20:21:52","slug":"mision-sucre-22-anos-de-victorias-educativas","status":"publish","type":"post","link":"http:\/\/www.misionsucre.gob.ve\/msweb\/index.php\/2025\/09\/09\/mision-sucre-22-anos-de-victorias-educativas\/","title":{"rendered":"Misi\u00f3n Sucre \u00a122 a\u00f1os de Victorias Educativas!"},"content":{"rendered":"\n<p>Celebramos con orgullo el <strong>22\u00b0 Aniversario de la Misi\u00f3n Sucre<\/strong>, una obra nacida del gran visionario, nuestro Comandante <strong>Hugo Ch\u00e1vez Fr\u00edas <\/strong>en el a\u00f1o 2003.<\/p>\n\n\n\n<p>Desde su creaci\u00f3n, la Misi\u00f3n Sucre ha tenido como finalidad fundamental ser el acceso a la educaci\u00f3n universitaria, brindando oportunidades de formaci\u00f3n profesional a miles de venezolanas y venezolanos que antes no pod\u00edan acceder a ella. \u00a1Un verdadero impulso para el desarrollo del pa\u00eds!<\/p>\n\n\n\n<p>En honor al <strong>Gran Mariscal Antonio Jos\u00e9 de Sucre<\/strong>, recordamos su profunda convicci\u00f3n<strong> \u00abLa educaci\u00f3n es el cimiento de la libertad y la base para el progreso de las naciones.\u00bb<\/strong><\/p>\n\n\n\n<p><strong><em>\u00a1Felicitaciones a todos los triunfadores, triunfadoras, docentes, trabajadores y egresados de la Misi\u00f3n Sucre en su d\u00eda! Su esfuerzo y dedicaci\u00f3n construyen el futuro de Venezuela. \u00a1Que viva la Patria libre! <br>\u00a1Que viva la misi\u00f3n sucre!<\/em><\/strong><\/p>\n\n\n\n<figure class=\"wp-block-embed is-type-video is-provider-youtube wp-block-embed-youtube wp-embed-aspect-9-16 wp-has-aspect-ratio\"><div class=\"wp-block-embed__wrapper\">\n<iframe title=\"Misi\u00f3n Sucre: \u00a122 a\u00f1os de Victorias Educativas!\" width=\"540\" height=\"960\" src=\"https:\/\/www.youtube.com\/embed\/kPt8wUCYUpY?feature=oembed\" frameborder=\"0\" allow=\"accelerometer; autoplay; clipboard-write; encrypted-media; gyroscope; picture-in-picture; web-share\" referrerpolicy=\"strict-origin-when-cross-origin\" allowfullscreen><\/iframe>\n<\/div><\/figure>\n\n\n\n<figure class=\"wp-block-image size-large\"><img fetchpriority=\"high\" decoding=\"async\" width=\"576\" height=\"1024\" src=\"http:\/\/www.misionsucre.gob.ve\/msweb\/wp-content\/uploads\/2025\/09\/logo-22-576x1024.jpg\" alt=\"\" class=\"wp-image-2578\" srcset=\"http:\/\/www.misionsucre.gob.ve\/msweb\/wp-content\/uploads\/2025\/09\/logo-22-576x1024.jpg 576w, http:\/\/www.misionsucre.gob.ve\/msweb\/wp-content\/uploads\/2025\/09\/logo-22-169x300.jpg 169w, http:\/\/www.misionsucre.gob.ve\/msweb\/wp-content\/uploads\/2025\/09\/logo-22-768x1365.jpg 768w, http:\/\/www.misionsucre.gob.ve\/msweb\/wp-content\/uploads\/2025\/09\/logo-22-864x1536.jpg 864w, http:\/\/www.misionsucre.gob.ve\/msweb\/wp-content\/uploads\/2025\/09\/logo-22.jpg 900w\" sizes=\"(max-width: 576px) 100vw, 576px\" \/><\/figure>\n","protected":false},"excerpt":{"rendered":"<p>Celebramos con orgullo el 22\u00b0 Aniversario de la Misi\u00f3n Sucre, una obra nacida del gran visionario, nuestro Comandante Hugo Ch\u00e1vez Fr\u00edas en el a\u00f1o 2003. Desde su creaci\u00f3n, la Misi\u00f3n Sucre ha tenido como finalidad fundamental ser el acceso a la educaci\u00f3n universitaria, brindando oportunidades de formaci\u00f3n profesional a miles&hellip;<\/p>\n","protected":false},"author":5,"featured_media":2579,"comment_status":"closed","ping_status":"","sticky":false,"template":"","format":"standard","meta":{"footnotes":""},"categories":[1],"tags":[],"_links":{"self":[{"href":"http:\/\/www.misionsucre.gob.ve\/msweb\/index.php\/wp-json\/wp\/v2\/posts\/2577"}],"collection":[{"href":"http:\/\/www.misionsucre.gob.ve\/msweb\/index.php\/wp-json\/wp\/v2\/posts"}],"about":[{"href":"http:\/\/www.misionsucre.gob.ve\/msweb\/index.php\/wp-json\/wp\/v2\/types\/post"}],"author":[{"embeddable":true,"href":"http:\/\/www.misionsucre.gob.ve\/msweb\/index.php\/wp-json\/wp\/v2\/users\/5"}],"replies":[{"embeddable":true,"href":"http:\/\/www.misionsucre.gob.ve\/msweb\/index.php\/wp-json\/wp\/v2\/comments?post=2577"}],"version-history":[{"count":1,"href":"http:\/\/www.misionsucre.gob.ve\/msweb\/index.php\/wp-json\/wp\/v2\/posts\/2577\/revisions"}],"predecessor-version":[{"id":2580,"href":"http:\/\/www.misionsucre.gob.ve\/msweb\/index.php\/wp-json\/wp\/v2\/posts\/2577\/revisions\/2580"}],"wp:featuredmedia":[{"embeddable":true,"href":"http:\/\/www.misionsucre.gob.ve\/msweb\/index.php\/wp-json\/wp\/v2\/media\/2579"}],"wp:attachment":[{"href":"http:\/\/www.misionsucre.gob.ve\/msweb\/index.php\/wp-json\/wp\/v2\/media?parent=2577"}],"wp:term":[{"taxonomy":"category","embeddable":true,"href":"http:\/\/www.misionsucre.gob.ve\/msweb\/index.php\/wp-json\/wp\/v2\/categories?post=2577"},{"taxonomy":"post_tag","embeddable":true,"href":"http:\/\/www.misionsucre.gob.ve\/msweb\/index.php\/wp-json\/wp\/v2\/tags?post=2577"}],"curies":[{"name":"wp","href":"https:\/\/api.w.org\/{rel}","templated":true}]}}