{"id":2581,"date":"2025-09-09T16:49:04","date_gmt":"2025-09-09T20:49:04","guid":{"rendered":"http:\/\/www.misionsucre.gob.ve\/msweb\/?p=2581"},"modified":"2025-09-09T17:26:45","modified_gmt":"2025-09-09T21:26:45","slug":"mision-sucre-conmemora-22-aniversario-con-ofrenda-floral-en-el-panteon-nacional","status":"publish","type":"post","link":"http:\/\/www.misionsucre.gob.ve\/msweb\/index.php\/2025\/09\/09\/mision-sucre-conmemora-22-aniversario-con-ofrenda-floral-en-el-panteon-nacional\/","title":{"rendered":"Misi\u00f3n Sucre Conmemora 22\u00b0 Aniversario con Ofrenda Floral en el Pante\u00f3n Nacional"},"content":{"rendered":"\n<p>En un solemne y emotivo acto, la Misi\u00f3n Sucre, legado del Comandante Hugo Rafael Ch\u00e1vez Fr\u00edas, conmemor\u00f3 hoy su 22\u00b0 Aniversario con una significativa ofrenda floral ante el sarc\u00f3fago del Libertador Sim\u00f3n Bol\u00edvar y el cenotafio del Gran Mariscal Antonio Jos\u00e9 de Sucre, en el Pante\u00f3n Nacional.<\/p>\n\n\n\n<p>El acto reafirm\u00f3 el compromiso de la instituci\u00f3n, bajo el impulso del presidente Nicol\u00e1s Maduro Moros, con el legado de independencia y soberan\u00eda que caracteriza a la patria venezolana.<\/p>\n\n\n\n<p>La delegaci\u00f3n que realiz\u00f3 la ofrenda estuvo encabezada por Isabel Nakarit Lugo, Presidenta de la Misi\u00f3n Sucre. As\u00ed mismo la acompa\u00f1aron el Viceministro para la Transformaci\u00f3n Cualitativa de la Educaci\u00f3n Universitaria, C\u00e9sar Centeno; la Viceministra de Gesti\u00f3n Universitaria, Eudorielyn Linares Pe\u00f1a y el Viceministro para el Vivir Estudiantil y la Comunidad del Conocimiento, Ryan Rojas. Tambi\u00e9n estuvieron presentes la Coordinadora de CEGU Caracas Sandra Oblitas Ruzza, Presidenta de la FVEU Ariana Llanos y en representaci\u00f3n de los trabajadores el profesor Euclides C\u00f3rdova.<\/p>\n\n\n\n<p>Durante la actividad, tambi\u00e9n estuvieron presentes los trabajadores y trabajadoras, as\u00ed como los triunfadores y triunfadoras de la FMS, quienes compartieron este momento de homenaje a la Patria.<\/p>\n\n\n\n<p>Con est\u00e1 actividad no solo se honra a los padres fundadores de la Patria, sino que tambi\u00e9n refuerza la visi\u00f3n de continuar dando acceso a la educaci\u00f3n universitaria, tal como lo so\u00f1\u00f3 el Comandante Hugo Ch\u00e1vez Fr\u00edas, inspir\u00e1ndose en la grandeza de nuestros libertadores.<\/p>\n\n\n\n<p>Como dijo el Gran Mariscal de Ayacucho, Antonio Jos\u00e9 de Sucre \u00abLa educaci\u00f3n es la luz que ilumina el camino del progreso\u00bb.<\/p>\n\n\n\n<p>As\u00ed, la Misi\u00f3n Sucre, al igual que el Mariscal de Ayacucho, contin\u00faa forjando triunfadores que iluminan a Venezuela con el conocimiento.<\/p>\n\n\n\n<figure class=\"wp-block-image size-large\"><img fetchpriority=\"high\" decoding=\"async\" width=\"1024\" height=\"768\" src=\"http:\/\/www.misionsucre.gob.ve\/msweb\/wp-content\/uploads\/2025\/09\/WhatsApp-Image-2025-09-09-at-4.18.59-PM-1024x768.jpeg\" alt=\"\" class=\"wp-image-2594\" srcset=\"http:\/\/www.misionsucre.gob.ve\/msweb\/wp-content\/uploads\/2025\/09\/WhatsApp-Image-2025-09-09-at-4.18.59-PM-1024x768.jpeg 1024w, http:\/\/www.misionsucre.gob.ve\/msweb\/wp-content\/uploads\/2025\/09\/WhatsApp-Image-2025-09-09-at-4.18.59-PM-300x225.jpeg 300w, http:\/\/www.misionsucre.gob.ve\/msweb\/wp-content\/uploads\/2025\/09\/WhatsApp-Image-2025-09-09-at-4.18.59-PM-768x576.jpeg 768w, http:\/\/www.misionsucre.gob.ve\/msweb\/wp-content\/uploads\/2025\/09\/WhatsApp-Image-2025-09-09-at-4.18.59-PM.jpeg 1080w\" sizes=\"(max-width: 1024px) 100vw, 1024px\" \/><\/figure>\n\n\n\n<figure class=\"wp-block-image size-large\"><img decoding=\"async\" width=\"1024\" height=\"768\" src=\"http:\/\/www.misionsucre.gob.ve\/msweb\/wp-content\/uploads\/2025\/09\/WhatsApp-Image-2025-09-09-at-4.18.56-PM-1-1024x768.jpeg\" alt=\"\" class=\"wp-image-2596\" srcset=\"http:\/\/www.misionsucre.gob.ve\/msweb\/wp-content\/uploads\/2025\/09\/WhatsApp-Image-2025-09-09-at-4.18.56-PM-1-1024x768.jpeg 1024w, http:\/\/www.misionsucre.gob.ve\/msweb\/wp-content\/uploads\/2025\/09\/WhatsApp-Image-2025-09-09-at-4.18.56-PM-1-300x225.jpeg 300w, http:\/\/www.misionsucre.gob.ve\/msweb\/wp-content\/uploads\/2025\/09\/WhatsApp-Image-2025-09-09-at-4.18.56-PM-1-768x576.jpeg 768w, http:\/\/www.misionsucre.gob.ve\/msweb\/wp-content\/uploads\/2025\/09\/WhatsApp-Image-2025-09-09-at-4.18.56-PM-1.jpeg 1080w\" sizes=\"(max-width: 1024px) 100vw, 1024px\" \/><\/figure>\n\n\n\n<figure class=\"wp-block-image size-large\"><img decoding=\"async\" width=\"1024\" height=\"768\" src=\"http:\/\/www.misionsucre.gob.ve\/msweb\/wp-content\/uploads\/2025\/09\/WhatsApp-Image-2025-09-09-at-4.18.56-PM-1024x768.jpeg\" alt=\"\" class=\"wp-image-2597\" srcset=\"http:\/\/www.misionsucre.gob.ve\/msweb\/wp-content\/uploads\/2025\/09\/WhatsApp-Image-2025-09-09-at-4.18.56-PM-1024x768.jpeg 1024w, http:\/\/www.misionsucre.gob.ve\/msweb\/wp-content\/uploads\/2025\/09\/WhatsApp-Image-2025-09-09-at-4.18.56-PM-300x225.jpeg 300w, http:\/\/www.misionsucre.gob.ve\/msweb\/wp-content\/uploads\/2025\/09\/WhatsApp-Image-2025-09-09-at-4.18.56-PM-768x576.jpeg 768w, http:\/\/www.misionsucre.gob.ve\/msweb\/wp-content\/uploads\/2025\/09\/WhatsApp-Image-2025-09-09-at-4.18.56-PM.jpeg 1080w\" sizes=\"(max-width: 1024px) 100vw, 1024px\" \/><\/figure>\n\n\n\n<figure class=\"wp-block-image size-large\"><img loading=\"lazy\" decoding=\"async\" width=\"1024\" height=\"797\" src=\"http:\/\/www.misionsucre.gob.ve\/msweb\/wp-content\/uploads\/2025\/09\/WhatsApp-Image-2025-09-09-at-4.18.59-PM-1-1024x797.jpeg\" alt=\"\" class=\"wp-image-2598\" srcset=\"http:\/\/www.misionsucre.gob.ve\/msweb\/wp-content\/uploads\/2025\/09\/WhatsApp-Image-2025-09-09-at-4.18.59-PM-1-1024x797.jpeg 1024w, http:\/\/www.misionsucre.gob.ve\/msweb\/wp-content\/uploads\/2025\/09\/WhatsApp-Image-2025-09-09-at-4.18.59-PM-1-300x234.jpeg 300w, http:\/\/www.misionsucre.gob.ve\/msweb\/wp-content\/uploads\/2025\/09\/WhatsApp-Image-2025-09-09-at-4.18.59-PM-1-768x598.jpeg 768w, http:\/\/www.misionsucre.gob.ve\/msweb\/wp-content\/uploads\/2025\/09\/WhatsApp-Image-2025-09-09-at-4.18.59-PM-1.jpeg 1080w\" sizes=\"(max-width: 1024px) 100vw, 1024px\" \/><\/figure>\n\n\n\n<figure class=\"wp-block-image size-full\"><img loading=\"lazy\" decoding=\"async\" width=\"972\" height=\"648\" src=\"http:\/\/www.misionsucre.gob.ve\/msweb\/wp-content\/uploads\/2025\/09\/WhatsApp-Image-2025-09-09-at-4.18.57-PM-1-1.jpeg\" alt=\"\" class=\"wp-image-2599\" srcset=\"http:\/\/www.misionsucre.gob.ve\/msweb\/wp-content\/uploads\/2025\/09\/WhatsApp-Image-2025-09-09-at-4.18.57-PM-1-1.jpeg 972w, http:\/\/www.misionsucre.gob.ve\/msweb\/wp-content\/uploads\/2025\/09\/WhatsApp-Image-2025-09-09-at-4.18.57-PM-1-1-300x200.jpeg 300w, http:\/\/www.misionsucre.gob.ve\/msweb\/wp-content\/uploads\/2025\/09\/WhatsApp-Image-2025-09-09-at-4.18.57-PM-1-1-768x512.jpeg 768w\" sizes=\"(max-width: 972px) 100vw, 972px\" \/><\/figure>\n\n\n\n<figure class=\"wp-block-image size-full\"><img loading=\"lazy\" decoding=\"async\" width=\"972\" height=\"648\" src=\"http:\/\/www.misionsucre.gob.ve\/msweb\/wp-content\/uploads\/2025\/09\/WhatsApp-Image-2025-09-09-at-4.18.57-PM-2.jpeg\" alt=\"\" class=\"wp-image-2600\" srcset=\"http:\/\/www.misionsucre.gob.ve\/msweb\/wp-content\/uploads\/2025\/09\/WhatsApp-Image-2025-09-09-at-4.18.57-PM-2.jpeg 972w, http:\/\/www.misionsucre.gob.ve\/msweb\/wp-content\/uploads\/2025\/09\/WhatsApp-Image-2025-09-09-at-4.18.57-PM-2-300x200.jpeg 300w, http:\/\/www.misionsucre.gob.ve\/msweb\/wp-content\/uploads\/2025\/09\/WhatsApp-Image-2025-09-09-at-4.18.57-PM-2-768x512.jpeg 768w\" sizes=\"(max-width: 972px) 100vw, 972px\" \/><\/figure>\n\n\n\n<figure class=\"wp-block-image size-large\"><img loading=\"lazy\" decoding=\"async\" width=\"1024\" height=\"771\" src=\"http:\/\/www.misionsucre.gob.ve\/msweb\/wp-content\/uploads\/2025\/09\/WhatsApp-Image-2025-09-09-at-4.19.00-PM-1-1024x771.jpeg\" alt=\"\" class=\"wp-image-2601\" srcset=\"http:\/\/www.misionsucre.gob.ve\/msweb\/wp-content\/uploads\/2025\/09\/WhatsApp-Image-2025-09-09-at-4.19.00-PM-1-1024x771.jpeg 1024w, http:\/\/www.misionsucre.gob.ve\/msweb\/wp-content\/uploads\/2025\/09\/WhatsApp-Image-2025-09-09-at-4.19.00-PM-1-300x226.jpeg 300w, http:\/\/www.misionsucre.gob.ve\/msweb\/wp-content\/uploads\/2025\/09\/WhatsApp-Image-2025-09-09-at-4.19.00-PM-1-768x578.jpeg 768w, http:\/\/www.misionsucre.gob.ve\/msweb\/wp-content\/uploads\/2025\/09\/WhatsApp-Image-2025-09-09-at-4.19.00-PM-1.jpeg 1080w\" sizes=\"(max-width: 1024px) 100vw, 1024px\" \/><\/figure>\n\n\n\n<figure class=\"wp-block-image size-full\"><img loading=\"lazy\" decoding=\"async\" width=\"972\" height=\"648\" src=\"http:\/\/www.misionsucre.gob.ve\/msweb\/wp-content\/uploads\/2025\/09\/WhatsApp-Image-2025-09-09-at-4.19.00-PM-2.jpeg\" alt=\"\" class=\"wp-image-2602\" srcset=\"http:\/\/www.misionsucre.gob.ve\/msweb\/wp-content\/uploads\/2025\/09\/WhatsApp-Image-2025-09-09-at-4.19.00-PM-2.jpeg 972w, http:\/\/www.misionsucre.gob.ve\/msweb\/wp-content\/uploads\/2025\/09\/WhatsApp-Image-2025-09-09-at-4.19.00-PM-2-300x200.jpeg 300w, http:\/\/www.misionsucre.gob.ve\/msweb\/wp-content\/uploads\/2025\/09\/WhatsApp-Image-2025-09-09-at-4.19.00-PM-2-768x512.jpeg 768w\" sizes=\"(max-width: 972px) 100vw, 972px\" \/><\/figure>\n\n\n\n<figure class=\"wp-block-image size-large\"><img loading=\"lazy\" decoding=\"async\" width=\"1024\" height=\"788\" src=\"http:\/\/www.misionsucre.gob.ve\/msweb\/wp-content\/uploads\/2025\/09\/WhatsApp-Image-2025-09-09-at-4.19.01-PM-1024x788.jpeg\" alt=\"\" class=\"wp-image-2603\" srcset=\"http:\/\/www.misionsucre.gob.ve\/msweb\/wp-content\/uploads\/2025\/09\/WhatsApp-Image-2025-09-09-at-4.19.01-PM-1024x788.jpeg 1024w, http:\/\/www.misionsucre.gob.ve\/msweb\/wp-content\/uploads\/2025\/09\/WhatsApp-Image-2025-09-09-at-4.19.01-PM-300x231.jpeg 300w, http:\/\/www.misionsucre.gob.ve\/msweb\/wp-content\/uploads\/2025\/09\/WhatsApp-Image-2025-09-09-at-4.19.01-PM-768x591.jpeg 768w, http:\/\/www.misionsucre.gob.ve\/msweb\/wp-content\/uploads\/2025\/09\/WhatsApp-Image-2025-09-09-at-4.19.01-PM.jpeg 1080w\" sizes=\"(max-width: 1024px) 100vw, 1024px\" \/><\/figure>\n","protected":false},"excerpt":{"rendered":"<p>En un solemne y emotivo acto, la Misi\u00f3n Sucre, legado del Comandante Hugo Rafael Ch\u00e1vez Fr\u00edas, conmemor\u00f3 hoy su 22\u00b0 Aniversario con una significativa ofrenda floral ante el sarc\u00f3fago del Libertador Sim\u00f3n Bol\u00edvar y el cenotafio del Gran Mariscal Antonio Jos\u00e9 de Sucre, en el Pante\u00f3n Nacional. El acto reafirm\u00f3&hellip;<\/p>\n","protected":false},"author":5,"featured_media":2592,"comment_status":"closed","ping_status":"","sticky":false,"template":"","format":"standard","meta":{"footnotes":""},"categories":[1],"tags":[],"_links":{"self":[{"href":"http:\/\/www.misionsucre.gob.ve\/msweb\/index.php\/wp-json\/wp\/v2\/posts\/2581"}],"collection":[{"href":"http:\/\/www.misionsucre.gob.ve\/msweb\/index.php\/wp-json\/wp\/v2\/posts"}],"about":[{"href":"http:\/\/www.misionsucre.gob.ve\/msweb\/index.php\/wp-json\/wp\/v2\/types\/post"}],"author":[{"embeddable":true,"href":"http:\/\/www.misionsucre.gob.ve\/msweb\/index.php\/wp-json\/wp\/v2\/users\/5"}],"replies":[{"embeddable":true,"href":"http:\/\/www.misionsucre.gob.ve\/msweb\/index.php\/wp-json\/wp\/v2\/comments?post=2581"}],"version-history":[{"count":3,"href":"http:\/\/www.misionsucre.gob.ve\/msweb\/index.php\/wp-json\/wp\/v2\/posts\/2581\/revisions"}],"predecessor-version":[{"id":2604,"href":"http:\/\/www.misionsucre.gob.ve\/msweb\/index.php\/wp-json\/wp\/v2\/posts\/2581\/revisions\/2604"}],"wp:featuredmedia":[{"embeddable":true,"href":"http:\/\/www.misionsucre.gob.ve\/msweb\/index.php\/wp-json\/wp\/v2\/media\/2592"}],"wp:attachment":[{"href":"http:\/\/www.misionsucre.gob.ve\/msweb\/index.php\/wp-json\/wp\/v2\/media?parent=2581"}],"wp:term":[{"taxonomy":"category","embeddable":true,"href":"http:\/\/www.misionsucre.gob.ve\/msweb\/index.php\/wp-json\/wp\/v2\/categories?post=2581"},{"taxonomy":"post_tag","embeddable":true,"href":"http:\/\/www.misionsucre.gob.ve\/msweb\/index.php\/wp-json\/wp\/v2\/tags?post=2581"}],"curies":[{"name":"wp","href":"https:\/\/api.w.org\/{rel}","templated":true}]}}